{"id":73878,"date":"2026-09-04T12:22:15","date_gmt":"2026-09-04T10:22:15","guid":{"rendered":"https:\/\/fundacjarakiety.pl\/?p=73878"},"modified":"2026-09-04T12:22:19","modified_gmt":"2026-09-04T10:22:19","slug":"podsumowanie-akcji-pierwszy-dzwonek","status":"publish","type":"post","link":"https:\/\/fundacjarakiety.pl\/en\/podsumowanie-akcji-pierwszy-dzwonek\/","title":{"rendered":"Podsumowanie akcji Pierwszy dzwonek!"},"content":{"rendered":"<p class=\"wp-block-paragraph\"><strong>Pierwszy Dzwonek zabrzmia\u0142 dzi\u0119ki Wam! Podsumowujemy tegoroczn\u0105 akcj\u0119<\/strong><\/p>\n\n\n\n<p class=\"wp-block-paragraph\">Artyku\u0142y szkolne i materia\u0142y plastyczne trafi\u0142y do dw\u00f3ch plac\u00f3wek oraz m\u0142odych Podopiecznych Fundacji Rakiety. To efekt akcji \u201ePierwszy Dzwonek\u201d, w kt\u00f3r\u0105 w\u0142\u0105czy\u0142y si\u0119 firmy, ich pracownicy oraz osoby chc\u0105ce wsp\u00f3lnie wesprze\u0107 dzieci i m\u0142odzie\u017c z do\u015bwiadczeniem choroby nowotworowej.<\/p>\n\n\n\n<p class=\"wp-block-paragraph\"><strong>Pomoc odpowiadaj\u0105ca na rzeczywiste potrzeby<\/strong><\/p>\n\n\n\n<p class=\"wp-block-paragraph\">Celem akcji \u201ePierwszy Dzwonek\u201d by\u0142o zebranie przybor\u00f3w szkolnych i materia\u0142\u00f3w plastycznych, kt\u00f3re mog\u0105 towarzyszy\u0107 m\u0142odym osobom podczas nauki, pobytu w szpitalu, zaj\u0119\u0107 terapeutycznych oraz tw\u00f3rczego sp\u0119dzania wolnego czasu. W\u015br\u00f3d przekazanych dar\u00f3w znalaz\u0142y si\u0119 mi\u0119dzy innymi plecaki, zeszyty, bloki, kredki, farby, flamastry, plastelina, pi\u00f3rniki oraz r\u00f3\u017cnego rodzaju zestawy kreatywne i edukacyjne. Zale\u017ca\u0142o nam, aby pomoc by\u0142a nie tylko atrakcyjna, lecz przede wszystkim potrzebna. Dlatego przed przygotowaniem paczek sprawdzili\u015bmy zapotrzebowanie oraz ch\u0119\u0107 ich otrzymania przez naszych Podopiecznych i ich rodziny.<\/p>\n\n\n\n<p class=\"wp-block-paragraph\"><strong>Cz\u0119\u015b\u0107 zgromadzonych artyku\u0142\u00f3w zosta\u0142a przekazana do Warszawskiego Hospicjum dla Dzieci oraz Centrum Zdrowia Dziecka.<\/strong><\/p>\n\n\n\n<p class=\"wp-block-paragraph\">Z pozosta\u0142ych dar\u00f3w przygotowali\u015bmy 20 zestaw\u00f3w przeznaczonych bezpo\u015brednio dla dzieci i m\u0142odzie\u017cy obj\u0119tych wsparciem Fundacji Rakiety:<\/p>\n\n\n\n<p class=\"wp-block-paragraph\">7 wype\u0142nionych plecak\u00f3w, 5 worko-plecak\u00f3w, 8 zestaw\u00f3w w rakietowych torbach. Paczki b\u0119dziemy sukcesywnie wysy\u0142a\u0107 do naszych m\u0142odych Podopiecznych. Mamy nadziej\u0119, \u017ce ich zawarto\u015b\u0107 przyda si\u0119 zar\u00f3wno podczas nauki, jak i w chwilach odpoczynku, przynosz\u0105c dzieciom troch\u0119 rado\u015bci i poczucia normalno\u015bci. Bo za ka\u017cdym zeszytem, pi\u00f3rnikiem czy zestawem plastycznym kryje si\u0119 co\u015b wi\u0119cej ni\u017c szkolny przedmiot. To r\u00f3wnie\u017c wyraz troski i wa\u017cna wiadomo\u015b\u0107: kto\u015b o Tobie pami\u0119ta i chce by\u0107 obok.<\/p>\n\n\n\n<p class=\"wp-block-paragraph\"><strong>Wsp\u00f3lne dzia\u0142anie firm i pracownik\u00f3w<\/strong><\/p>\n\n\n\n<p class=\"wp-block-paragraph\">Realizacja akcji by\u0142a mo\u017cliwa dzi\u0119ki wsparciu firm oraz pracownik\u00f3w zwi\u0105zanych z CD PROJEKT, Goodera i PwC. Zaanga\u017cowanie przyjmowa\u0142o r\u00f3\u017cne formy &#8211; od zbi\u00f3rek organizowanych wewn\u0105trz firm i oddolnych inicjatyw pracowniczych, przez przygotowywanie paczek z potrzebnymi materia\u0142ami, a\u017c po cykliczne wsparcie. Ka\u017cda z tych form mia\u0142a znaczenie. Pokaza\u0142a r\u00f3wnie\u017c, \u017ce pomaganie nie musi przebiega\u0107 wed\u0142ug jednego schematu. Mo\u017ce rozpocz\u0105\u0107 si\u0119 od inicjatywy ca\u0142ej organizacji, konkretnego zespo\u0142u albo jednej osoby, kt\u00f3ra zach\u0119ci do dzia\u0142ania swoich wsp\u00f3\u0142pracownik\u00f3w.<\/p>\n\n\n\n<p class=\"wp-block-paragraph\"><strong>Dzi\u0119kujemy, \u017ce pomagacie razem z nami<\/strong><\/p>\n\n\n\n<p class=\"wp-block-paragraph\">Z ca\u0142ego serca dzi\u0119kujemy wszystkim firmom, koordynatorom, pracownikom i Darczy\u0144com zaanga\u017cowanym w akcj\u0119 \u201ePierwszy Dzwonek\u201d. Dzi\u0119kujemy za ka\u017cd\u0105 przekazan\u0105 paczk\u0119, zorganizowan\u0105 zbi\u00f3rk\u0119 i rozmow\u0119, dzi\u0119ki kt\u00f3rej do inicjatywy do\u0142\u0105cza\u0142y kolejne osoby. Wsp\u00f3lnie uda\u0142o nam si\u0119 stworzy\u0107 pomoc, kt\u00f3ra trafi\u0142a tam, gdzie by\u0142a potrzebna.<\/p>\n\n\n\n<p class=\"wp-block-paragraph\"><strong>Dzi\u0119kujemy, \u017ce razem z nami pomagacie m\u0142odym Rakietom!<\/strong><\/p>\n\n\n\n<figure class=\"wp-block-gallery alignwide has-nested-images columns-default is-cropped wp-block-gallery-2 is-layout-flex wp-block-gallery-is-layout-flex\">\n<figure class=\"wp-block-image size-large\"><img fetchpriority=\"high\" decoding=\"async\" width=\"768\" height=\"1024\" data-id=\"73881\" src=\"https:\/\/fundacjarakiety.pl\/wp-content\/uploads\/2026\/09\/7-1-768x1024.png\" alt=\"\" class=\"wp-image-73881\" srcset=\"https:\/\/fundacjarakiety.pl\/wp-content\/uploads\/2026\/09\/7-1-768x1024.png 768w, https:\/\/fundacjarakiety.pl\/wp-content\/uploads\/2026\/09\/7-1-229x305.png 229w, https:\/\/fundacjarakiety.pl\/wp-content\/uploads\/2026\/09\/7-1-9x12.png 9w, https:\/\/fundacjarakiety.pl\/wp-content\/uploads\/2026\/09\/7-1.png 1086w\" sizes=\"(max-width: 768px) 100vw, 768px\" \/><\/figure>\n\n\n\n<figure class=\"wp-block-image size-large\"><img decoding=\"async\" width=\"1365\" height=\"1024\" data-id=\"73882\" src=\"https:\/\/fundacjarakiety.pl\/wp-content\/uploads\/2026\/09\/5-1-1365x1024.png\" alt=\"\" class=\"wp-image-73882\" srcset=\"https:\/\/fundacjarakiety.pl\/wp-content\/uploads\/2026\/09\/5-1-1365x1024.png 1365w, https:\/\/fundacjarakiety.pl\/wp-content\/uploads\/2026\/09\/5-1-305x229.png 305w, https:\/\/fundacjarakiety.pl\/wp-content\/uploads\/2026\/09\/5-1-768x576.png 768w, https:\/\/fundacjarakiety.pl\/wp-content\/uploads\/2026\/09\/5-1-16x12.png 16w, https:\/\/fundacjarakiety.pl\/wp-content\/uploads\/2026\/09\/5-1.png 1448w\" sizes=\"(max-width: 1365px) 100vw, 1365px\" \/><\/figure>\n<\/figure>\n\n\n\n<figure class=\"wp-block-gallery alignwide has-nested-images columns-default is-cropped wp-block-gallery-3 is-layout-flex wp-block-gallery-is-layout-flex\">\n<figure class=\"wp-block-image size-large\"><img decoding=\"async\" width=\"1365\" height=\"1024\" data-id=\"73883\" src=\"https:\/\/fundacjarakiety.pl\/wp-content\/uploads\/2026\/09\/6-1-1365x1024.png\" alt=\"\" class=\"wp-image-73883\" srcset=\"https:\/\/fundacjarakiety.pl\/wp-content\/uploads\/2026\/09\/6-1-1365x1024.png 1365w, https:\/\/fundacjarakiety.pl\/wp-content\/uploads\/2026\/09\/6-1-305x229.png 305w, https:\/\/fundacjarakiety.pl\/wp-content\/uploads\/2026\/09\/6-1-768x576.png 768w, https:\/\/fundacjarakiety.pl\/wp-content\/uploads\/2026\/09\/6-1-16x12.png 16w, https:\/\/fundacjarakiety.pl\/wp-content\/uploads\/2026\/09\/6-1.png 1448w\" sizes=\"(max-width: 1365px) 100vw, 1365px\" \/><\/figure>\n\n\n\n<figure class=\"wp-block-image size-large\"><img loading=\"lazy\" decoding=\"async\" width=\"1365\" height=\"1024\" data-id=\"73884\" src=\"https:\/\/fundacjarakiety.pl\/wp-content\/uploads\/2026\/09\/4-1-1365x1024.png\" alt=\"\" class=\"wp-image-73884\" srcset=\"https:\/\/fundacjarakiety.pl\/wp-content\/uploads\/2026\/09\/4-1-1365x1024.png 1365w, https:\/\/fundacjarakiety.pl\/wp-content\/uploads\/2026\/09\/4-1-305x229.png 305w, https:\/\/fundacjarakiety.pl\/wp-content\/uploads\/2026\/09\/4-1-768x576.png 768w, https:\/\/fundacjarakiety.pl\/wp-content\/uploads\/2026\/09\/4-1-16x12.png 16w, https:\/\/fundacjarakiety.pl\/wp-content\/uploads\/2026\/09\/4-1.png 1448w\" sizes=\"(max-width: 1365px) 100vw, 1365px\" \/><\/figure>\n<\/figure>\n\n\n\n<figure class=\"wp-block-gallery alignwide has-nested-images columns-default is-cropped wp-block-gallery-4 is-layout-flex wp-block-gallery-is-layout-flex\">\n<figure class=\"wp-block-image size-large\"><img loading=\"lazy\" decoding=\"async\" width=\"766\" height=\"1024\" data-id=\"73885\" src=\"https:\/\/fundacjarakiety.pl\/wp-content\/uploads\/2026\/09\/3-1-766x1024.png\" alt=\"\" class=\"wp-image-73885\" srcset=\"https:\/\/fundacjarakiety.pl\/wp-content\/uploads\/2026\/09\/3-1-766x1024.png 766w, https:\/\/fundacjarakiety.pl\/wp-content\/uploads\/2026\/09\/3-1-228x305.png 228w, https:\/\/fundacjarakiety.pl\/wp-content\/uploads\/2026\/09\/3-1-768x1026.png 768w, https:\/\/fundacjarakiety.pl\/wp-content\/uploads\/2026\/09\/3-1-9x12.png 9w, https:\/\/fundacjarakiety.pl\/wp-content\/uploads\/2026\/09\/3-1.png 1085w\" sizes=\"(max-width: 766px) 100vw, 766px\" \/><\/figure>\n\n\n\n<figure class=\"wp-block-image size-large\"><img loading=\"lazy\" decoding=\"async\" width=\"766\" height=\"1024\" data-id=\"73886\" src=\"https:\/\/fundacjarakiety.pl\/wp-content\/uploads\/2026\/09\/1-1-766x1024.png\" alt=\"\" class=\"wp-image-73886\" srcset=\"https:\/\/fundacjarakiety.pl\/wp-content\/uploads\/2026\/09\/1-1-766x1024.png 766w, https:\/\/fundacjarakiety.pl\/wp-content\/uploads\/2026\/09\/1-1-228x305.png 228w, https:\/\/fundacjarakiety.pl\/wp-content\/uploads\/2026\/09\/1-1-768x1026.png 768w, https:\/\/fundacjarakiety.pl\/wp-content\/uploads\/2026\/09\/1-1-9x12.png 9w, https:\/\/fundacjarakiety.pl\/wp-content\/uploads\/2026\/09\/1-1.png 1085w\" sizes=\"(max-width: 766px) 100vw, 766px\" \/><\/figure>\n<\/figure>\n\n\n\n<p class=\"wp-block-paragraph\"><\/p>","protected":false},"excerpt":{"rendered":"<p>Pierwszy Dzwonek zabrzmia\u0142 dzi\u0119ki Wam! Podsumowujemy tegoroczn\u0105 akcj\u0119 Artyku\u0142y szkolne i materia\u0142y plastyczne trafi\u0142y do dw\u00f3ch plac\u00f3wek oraz m\u0142odych Podopiecznych Fundacji Rakiety. To efekt akcji \u201ePierwszy Dzwonek\u201d, w kt\u00f3r\u0105 w\u0142\u0105czy\u0142y si\u0119 firmy, ich pracownicy oraz osoby chc\u0105ce wsp\u00f3lnie wesprze\u0107 dzieci i m\u0142odzie\u017c z do\u015bwiadczeniem choroby nowotworowej. Pomoc odpowiadaj\u0105ca na rzeczywiste potrzeby Celem akcji \u201ePierwszy Dzwonek\u201d [&hellip;]<\/p>\n","protected":false},"author":22,"featured_media":73879,"comment_status":"closed","ping_status":"open","sticky":false,"template":"","format":"standard","meta":{"page_title":"","first_name":"","last_name":"","name_variation":"","funds_collected":0,"funds_target":0,"currency":"","left_on_the_subaccount":0,"refunded_expenses":0,"collection_on":"","content_update":"","number_pln":"","number_usd":"","number_eur":"","number_gbp":"","swift":"","transfer_title":"","recipient_details":"","krs":"","tax_specific_target":"","fundraiser_iri":"","footnotes":""},"categories":[179],"tags":[],"class_list":["post-73878","post","type-post","status-publish","format-standard","has-post-thumbnail","hentry","category-aktualnosci"],"rttpg_featured_image_url":{"full":["https:\/\/fundacjarakiety.pl\/wp-content\/uploads\/2026\/09\/pierwszy-dzwonek-2.png",1000,565,false],"landscape":["https:\/\/fundacjarakiety.pl\/wp-content\/uploads\/2026\/09\/pierwszy-dzwonek-2.png",1000,565,false],"portraits":["https:\/\/fundacjarakiety.pl\/wp-content\/uploads\/2026\/09\/pierwszy-dzwonek-2.png",1000,565,false],"thumbnail":["https:\/\/fundacjarakiety.pl\/wp-content\/uploads\/2026\/09\/pierwszy-dzwonek-2-600x565.png",600,565,true],"medium":["https:\/\/fundacjarakiety.pl\/wp-content\/uploads\/2026\/09\/pierwszy-dzwonek-2-305x172.png",305,172,true],"large":["https:\/\/fundacjarakiety.pl\/wp-content\/uploads\/2026\/09\/pierwszy-dzwonek-2.png",980,554,false],"1536x1536":["https:\/\/fundacjarakiety.pl\/wp-content\/uploads\/2026\/09\/pierwszy-dzwonek-2.png",1000,565,false],"2048x2048":["https:\/\/fundacjarakiety.pl\/wp-content\/uploads\/2026\/09\/pierwszy-dzwonek-2.png",1000,565,false],"trp-custom-language-flag":["https:\/\/fundacjarakiety.pl\/wp-content\/uploads\/2026\/09\/pierwszy-dzwonek-2-18x10.png",18,10,true],"post-thumbnail":["https:\/\/fundacjarakiety.pl\/wp-content\/uploads\/2026\/09\/pierwszy-dzwonek-2.png",1000,565,false],"humani-recent-post":["https:\/\/fundacjarakiety.pl\/wp-content\/uploads\/2026\/09\/pierwszy-dzwonek-2-200x160.png",200,160,true],"humani-post-grid":["https:\/\/fundacjarakiety.pl\/wp-content\/uploads\/2026\/09\/pierwszy-dzwonek-2-820x565.png",820,565,true]},"rttpg_author":{"display_name":"\u0141ukasz Kaczmarek","author_link":"https:\/\/fundacjarakiety.pl\/en\/author\/l-kaczmarek\/"},"rttpg_comment":0,"rttpg_category":"<a href=\"https:\/\/fundacjarakiety.pl\/en\/category\/aktualnosci\/\" rel=\"category tag\">Aktualno\u015bci<\/a>","rttpg_excerpt":"Pierwszy Dzwonek zabrzmia\u0142 dzi\u0119ki Wam! Podsumowujemy tegoroczn\u0105 akcj\u0119 Artyku\u0142y szkolne i materia\u0142y plastyczne trafi\u0142y do dw\u00f3ch plac\u00f3wek oraz m\u0142odych Podopiecznych Fundacji Rakiety. To efekt akcji \u201ePierwszy Dzwonek\u201d, w kt\u00f3r\u0105 w\u0142\u0105czy\u0142y si\u0119 firmy, ich pracownicy oraz osoby chc\u0105ce wsp\u00f3lnie wesprze\u0107 dzieci i m\u0142odzie\u017c z do\u015bwiadczeniem choroby nowotworowej. Pomoc odpowiadaj\u0105ca na rzeczywiste potrzeby Celem akcji \u201ePierwszy Dzwonek\u201d&hellip;","_links":{"self":[{"href":"https:\/\/fundacjarakiety.pl\/en\/wp-json\/wp\/v2\/posts\/73878","targetHints":{"allow":["GET"]}}],"collection":[{"href":"https:\/\/fundacjarakiety.pl\/en\/wp-json\/wp\/v2\/posts"}],"about":[{"href":"https:\/\/fundacjarakiety.pl\/en\/wp-json\/wp\/v2\/types\/post"}],"author":[{"embeddable":true,"href":"https:\/\/fundacjarakiety.pl\/en\/wp-json\/wp\/v2\/users\/22"}],"replies":[{"embeddable":true,"href":"https:\/\/fundacjarakiety.pl\/en\/wp-json\/wp\/v2\/comments?post=73878"}],"version-history":[{"count":2,"href":"https:\/\/fundacjarakiety.pl\/en\/wp-json\/wp\/v2\/posts\/73878\/revisions"}],"predecessor-version":[{"id":73887,"href":"https:\/\/fundacjarakiety.pl\/en\/wp-json\/wp\/v2\/posts\/73878\/revisions\/73887"}],"wp:featuredmedia":[{"embeddable":true,"href":"https:\/\/fundacjarakiety.pl\/en\/wp-json\/wp\/v2\/media\/73879"}],"wp:attachment":[{"href":"https:\/\/fundacjarakiety.pl\/en\/wp-json\/wp\/v2\/media?parent=73878"}],"wp:term":[{"taxonomy":"category","embeddable":true,"href":"https:\/\/fundacjarakiety.pl\/en\/wp-json\/wp\/v2\/categories?post=73878"},{"taxonomy":"post_tag","embeddable":true,"href":"https:\/\/fundacjarakiety.pl\/en\/wp-json\/wp\/v2\/tags?post=73878"}],"curies":[{"name":"wp","href":"https:\/\/api.w.org\/{rel}","templated":true}]}}