{"id":71921,"date":"2026-01-16T12:11:46","date_gmt":"2026-01-16T11:11:46","guid":{"rendered":"https:\/\/fundacjarakiety.pl\/?p=71921"},"modified":"2026-01-16T12:16:48","modified_gmt":"2026-01-16T11:16:48","slug":"71921-2","status":"publish","type":"post","link":"https:\/\/fundacjarakiety.pl\/en\/71921-2\/","title":{"rendered":"Rakiety na Forum Bran\u017cy Eventowej"},"content":{"rendered":"<p>W minion\u0105 \u015brod\u0119 mieli\u015bmy ogromn\u0105 przyjemno\u015b\u0107 uczestniczy\u0107 w Forum Bran\u017cy Eventowej, gdzie byli\u015bmy obecni z naszym stoiskiem profilaktycznym.<\/p>\n\n\n\n<p>Zainteresowanie przeros\u0142o nasze naj\u015bmielsze oczekiwania &#8211; odbyli\u015bmy setki warto\u015bciowych rozm\u00f3w, poznali\u015bmy mn\u00f3stwo inspiruj\u0105cych os\u00f3b i utwierdzili\u015bmy si\u0119 w przekonaniu, jak wa\u017cne i potrzebne s\u0105 dzia\u0142ania profilaktyczne w bran\u017cy eventowej. Ka\u017cda rozmowa, ka\u017cde pytanie i ka\u017cde dobre s\u0142owo pokaza\u0142y nam, \u017ce to, co robimy, ma realny sens \u2764\ufe0f<\/p>\n\n\n\n<p>Dzi\u0119kujemy organizatorom za mo\u017cliwo\u015b\u0107 wzi\u0119cia udzia\u0142u w tym wydarzeniu oraz wszystkim, kt\u00f3rzy znale\u017ali chwil\u0119, by odwiedzi\u0107 nasze stoisko. Wasze zainteresowanie, otwarto\u015b\u0107 i energia by\u0142y dla nas ogromn\u0105 motywacj\u0105 do dalszego dzia\u0142ania.<\/p>\n\n\n\n<p>Wracamy pe\u0142ni inspiracji, nowych pomys\u0142\u00f3w i kontakt\u00f3w.<\/p>\n\n\n\n<p><br>Mamy ogromn\u0105 nadziej\u0119 &#8211; do zobaczenia za rok!<\/p>\n\n\n\n<figure class=\"wp-block-image size-large\"><img fetchpriority=\"high\" decoding=\"async\" width=\"768\" height=\"1024\" src=\"https:\/\/fundacjarakiety.pl\/wp-content\/uploads\/2026\/01\/4-768x1024.jpg\" alt=\"\" class=\"wp-image-71924\" srcset=\"https:\/\/fundacjarakiety.pl\/wp-content\/uploads\/2026\/01\/4-768x1024.jpg 768w, https:\/\/fundacjarakiety.pl\/wp-content\/uploads\/2026\/01\/4-229x305.jpg 229w, https:\/\/fundacjarakiety.pl\/wp-content\/uploads\/2026\/01\/4-1152x1536.jpg 1152w, https:\/\/fundacjarakiety.pl\/wp-content\/uploads\/2026\/01\/4-1536x2048.jpg 1536w, https:\/\/fundacjarakiety.pl\/wp-content\/uploads\/2026\/01\/4-9x12.jpg 9w, https:\/\/fundacjarakiety.pl\/wp-content\/uploads\/2026\/01\/4-scaled.jpg 1920w\" sizes=\"(max-width: 768px) 100vw, 768px\" \/><\/figure>\n\n\n\n<figure class=\"wp-block-gallery has-nested-images columns-default is-cropped wp-block-gallery-2 is-layout-flex wp-block-gallery-is-layout-flex\">\n<figure class=\"wp-block-image size-large\"><img decoding=\"async\" width=\"768\" height=\"1024\" data-id=\"71925\" src=\"https:\/\/fundacjarakiety.pl\/wp-content\/uploads\/2026\/01\/2-768x1024.jpg\" alt=\"\" class=\"wp-image-71925\" srcset=\"https:\/\/fundacjarakiety.pl\/wp-content\/uploads\/2026\/01\/2-768x1024.jpg 768w, https:\/\/fundacjarakiety.pl\/wp-content\/uploads\/2026\/01\/2-229x305.jpg 229w, https:\/\/fundacjarakiety.pl\/wp-content\/uploads\/2026\/01\/2-1152x1536.jpg 1152w, https:\/\/fundacjarakiety.pl\/wp-content\/uploads\/2026\/01\/2-1536x2048.jpg 1536w, https:\/\/fundacjarakiety.pl\/wp-content\/uploads\/2026\/01\/2-9x12.jpg 9w, https:\/\/fundacjarakiety.pl\/wp-content\/uploads\/2026\/01\/2-scaled.jpg 1920w\" sizes=\"(max-width: 768px) 100vw, 768px\" \/><\/figure>\n<\/figure>\n\n\n\n<figure class=\"wp-block-image size-full\"><img decoding=\"async\" width=\"739\" height=\"904\" src=\"https:\/\/fundacjarakiety.pl\/wp-content\/uploads\/2026\/01\/7-1.jpg\" alt=\"\" class=\"wp-image-71929\" srcset=\"https:\/\/fundacjarakiety.pl\/wp-content\/uploads\/2026\/01\/7-1.jpg 739w, https:\/\/fundacjarakiety.pl\/wp-content\/uploads\/2026\/01\/7-1-249x305.jpg 249w, https:\/\/fundacjarakiety.pl\/wp-content\/uploads\/2026\/01\/7-1-10x12.jpg 10w\" sizes=\"(max-width: 739px) 100vw, 739px\" \/><\/figure>\n\n\n\n<figure class=\"wp-block-image size-large\"><img loading=\"lazy\" decoding=\"async\" width=\"889\" height=\"1024\" src=\"https:\/\/fundacjarakiety.pl\/wp-content\/uploads\/2026\/01\/6-1-889x1024.jpg\" alt=\"\" class=\"wp-image-71933\" srcset=\"https:\/\/fundacjarakiety.pl\/wp-content\/uploads\/2026\/01\/6-1-889x1024.jpg 889w, https:\/\/fundacjarakiety.pl\/wp-content\/uploads\/2026\/01\/6-1-265x305.jpg 265w, https:\/\/fundacjarakiety.pl\/wp-content\/uploads\/2026\/01\/6-1-768x885.jpg 768w, https:\/\/fundacjarakiety.pl\/wp-content\/uploads\/2026\/01\/6-1-1333x1536.jpg 1333w, https:\/\/fundacjarakiety.pl\/wp-content\/uploads\/2026\/01\/6-1-1778x2048.jpg 1778w, https:\/\/fundacjarakiety.pl\/wp-content\/uploads\/2026\/01\/6-1-10x12.jpg 10w\" sizes=\"(max-width: 889px) 100vw, 889px\" \/><\/figure>\n\n\n\n<figure class=\"wp-block-gallery has-nested-images columns-default is-cropped wp-block-gallery-3 is-layout-flex wp-block-gallery-is-layout-flex\">\n<figure class=\"wp-block-image size-large\"><img loading=\"lazy\" decoding=\"async\" width=\"1014\" height=\"1024\" data-id=\"71934\" src=\"https:\/\/fundacjarakiety.pl\/wp-content\/uploads\/2026\/01\/1-1-1014x1024.jpg\" alt=\"\" class=\"wp-image-71934\" srcset=\"https:\/\/fundacjarakiety.pl\/wp-content\/uploads\/2026\/01\/1-1-1014x1024.jpg 1014w, https:\/\/fundacjarakiety.pl\/wp-content\/uploads\/2026\/01\/1-1-302x305.jpg 302w, https:\/\/fundacjarakiety.pl\/wp-content\/uploads\/2026\/01\/1-1-768x775.jpg 768w, https:\/\/fundacjarakiety.pl\/wp-content\/uploads\/2026\/01\/1-1-1522x1536.jpg 1522w, https:\/\/fundacjarakiety.pl\/wp-content\/uploads\/2026\/01\/1-1-2029x2048.jpg 2029w, https:\/\/fundacjarakiety.pl\/wp-content\/uploads\/2026\/01\/1-1-12x12.jpg 12w\" sizes=\"(max-width: 1014px) 100vw, 1014px\" \/><\/figure>\n<\/figure>","protected":false},"excerpt":{"rendered":"<p>W minion\u0105 \u015brod\u0119 mieli\u015bmy ogromn\u0105 przyjemno\u015b\u0107 uczestniczy\u0107 w Forum Bran\u017cy Eventowej, gdzie byli\u015bmy obecni z naszym stoiskiem profilaktycznym. Zainteresowanie przeros\u0142o nasze naj\u015bmielsze oczekiwania &#8211; odbyli\u015bmy setki warto\u015bciowych rozm\u00f3w, poznali\u015bmy mn\u00f3stwo inspiruj\u0105cych os\u00f3b i utwierdzili\u015bmy si\u0119 w przekonaniu, jak wa\u017cne i potrzebne s\u0105 dzia\u0142ania profilaktyczne w bran\u017cy eventowej. Ka\u017cda rozmowa, ka\u017cde pytanie i ka\u017cde dobre s\u0142owo [&hellip;]<\/p>\n","protected":false},"author":6,"featured_media":71922,"comment_status":"closed","ping_status":"open","sticky":false,"template":"","format":"standard","meta":{"page_title":"","first_name":"","last_name":"","name_variation":"","funds_collected":0,"funds_target":0,"currency":"","left_on_the_subaccount":0,"refunded_expenses":0,"collection_on":"","content_update":"","number_pln":"","number_usd":"","number_eur":"","number_gbp":"","swift":"","transfer_title":"","recipient_details":"","krs":"","tax_specific_target":"","fundraiser_iri":"","footnotes":""},"categories":[179],"tags":[],"class_list":["post-71921","post","type-post","status-publish","format-standard","has-post-thumbnail","hentry","category-aktualnosci"],"rttpg_featured_image_url":{"full":["https:\/\/fundacjarakiety.pl\/wp-content\/uploads\/2026\/01\/1-scaled.jpg",2536,2560,false],"landscape":["https:\/\/fundacjarakiety.pl\/wp-content\/uploads\/2026\/01\/1-scaled.jpg",2536,2560,false],"portraits":["https:\/\/fundacjarakiety.pl\/wp-content\/uploads\/2026\/01\/1-scaled.jpg",2536,2560,false],"thumbnail":["https:\/\/fundacjarakiety.pl\/wp-content\/uploads\/2026\/01\/1-600x600.jpg",600,600,true],"medium":["https:\/\/fundacjarakiety.pl\/wp-content\/uploads\/2026\/01\/1-302x305.jpg",302,305,true],"large":["https:\/\/fundacjarakiety.pl\/wp-content\/uploads\/2026\/01\/1-1014x1024.jpg",980,990,true],"1536x1536":["https:\/\/fundacjarakiety.pl\/wp-content\/uploads\/2026\/01\/1-1522x1536.jpg",1522,1536,true],"2048x2048":["https:\/\/fundacjarakiety.pl\/wp-content\/uploads\/2026\/01\/1-2029x2048.jpg",2029,2048,true],"trp-custom-language-flag":["https:\/\/fundacjarakiety.pl\/wp-content\/uploads\/2026\/01\/1-12x12.jpg",12,12,true],"post-thumbnail":["https:\/\/fundacjarakiety.pl\/wp-content\/uploads\/2026\/01\/1-1000x565.jpg",1000,565,true],"humani-recent-post":["https:\/\/fundacjarakiety.pl\/wp-content\/uploads\/2026\/01\/1-200x160.jpg",200,160,true],"humani-post-grid":["https:\/\/fundacjarakiety.pl\/wp-content\/uploads\/2026\/01\/1-820x580.jpg",820,580,true]},"rttpg_author":{"display_name":"Anna \u017buchniewicz","author_link":"https:\/\/fundacjarakiety.pl\/en\/author\/azuchniewicz\/"},"rttpg_comment":0,"rttpg_category":"<a href=\"https:\/\/fundacjarakiety.pl\/en\/category\/aktualnosci\/\" rel=\"category tag\">Aktualno\u015bci<\/a>","rttpg_excerpt":"W minion\u0105 \u015brod\u0119 mieli\u015bmy ogromn\u0105 przyjemno\u015b\u0107 uczestniczy\u0107 w Forum Bran\u017cy Eventowej, gdzie byli\u015bmy obecni z naszym stoiskiem profilaktycznym. Zainteresowanie przeros\u0142o nasze naj\u015bmielsze oczekiwania &#8211; odbyli\u015bmy setki warto\u015bciowych rozm\u00f3w, poznali\u015bmy mn\u00f3stwo inspiruj\u0105cych os\u00f3b i utwierdzili\u015bmy si\u0119 w przekonaniu, jak wa\u017cne i potrzebne s\u0105 dzia\u0142ania profilaktyczne w bran\u017cy eventowej. Ka\u017cda rozmowa, ka\u017cde pytanie i ka\u017cde dobre s\u0142owo&hellip;","_links":{"self":[{"href":"https:\/\/fundacjarakiety.pl\/en\/wp-json\/wp\/v2\/posts\/71921"}],"collection":[{"href":"https:\/\/fundacjarakiety.pl\/en\/wp-json\/wp\/v2\/posts"}],"about":[{"href":"https:\/\/fundacjarakiety.pl\/en\/wp-json\/wp\/v2\/types\/post"}],"author":[{"embeddable":true,"href":"https:\/\/fundacjarakiety.pl\/en\/wp-json\/wp\/v2\/users\/6"}],"replies":[{"embeddable":true,"href":"https:\/\/fundacjarakiety.pl\/en\/wp-json\/wp\/v2\/comments?post=71921"}],"version-history":[{"count":5,"href":"https:\/\/fundacjarakiety.pl\/en\/wp-json\/wp\/v2\/posts\/71921\/revisions"}],"predecessor-version":[{"id":71935,"href":"https:\/\/fundacjarakiety.pl\/en\/wp-json\/wp\/v2\/posts\/71921\/revisions\/71935"}],"wp:featuredmedia":[{"embeddable":true,"href":"https:\/\/fundacjarakiety.pl\/en\/wp-json\/wp\/v2\/media\/71922"}],"wp:attachment":[{"href":"https:\/\/fundacjarakiety.pl\/en\/wp-json\/wp\/v2\/media?parent=71921"}],"wp:term":[{"taxonomy":"category","embeddable":true,"href":"https:\/\/fundacjarakiety.pl\/en\/wp-json\/wp\/v2\/categories?post=71921"},{"taxonomy":"post_tag","embeddable":true,"href":"https:\/\/fundacjarakiety.pl\/en\/wp-json\/wp\/v2\/tags?post=71921"}],"curies":[{"name":"wp","href":"https:\/\/api.w.org\/{rel}","templated":true}]}}