{"id":71644,"date":"2025-11-07T15:05:41","date_gmt":"2025-11-07T14:05:41","guid":{"rendered":"https:\/\/fundacjarakiety.pl\/?p=71644"},"modified":"2025-11-07T19:30:30","modified_gmt":"2025-11-07T18:30:30","slug":"rakiety-na-konferencji-society-for-integrative-oncology-w-bostonie","status":"publish","type":"post","link":"https:\/\/fundacjarakiety.pl\/en\/rakiety-na-konferencji-society-for-integrative-oncology-w-bostonie\/","title":{"rendered":"22nd International Conference of the Society for Integrative Oncology in Boston"},"content":{"rendered":"<p>Behind us are incredibly inspiring days spent in Boston, where Harvard Medical School hosted\u00a0<strong>22nd International Conference of the Society for Integrative Oncology (SIO)<\/strong>. It was an intense time filled with workshops, presentations of research results and scientific publications, as well as conversations, meetings, and exchanges of experiences with representatives of the medical community from around the world.<br>This year&#039;s event, held under the slogan\u00a0<strong>\u201eThe Future of Integrative Oncology: Connecting Cultures, Opening to Innovation, and Building Unity\u201d<\/strong>, gathered nearly 500 participants \u2013 clinicians, researchers, patients and advocates representing different continents.<\/p>\n\n\n\n<p>All participants shared a common goal: to jointly advance the science and practice of integrative oncology\u2014evidence-based, holistic care for cancer patients. The presented research clearly demonstrates that this integrative approach is the direction of the future.<br>Regardless of the region of the world, combining the best practices of academic medicine with safe, proven supportive methods significantly improves the quality of life of cancer patients \u2013 not only physically, but also mentally, emotionally, and socially.<\/p>\n\n\n\n<p>Many major hospitals around the world already have integrative oncology departments, and academic institutions offer programs educating physicians and therapists in this field. The growing interest in this approach demonstrates that more and more medical communities recognize the value of combining science, empathy, and interdisciplinary collaboration. The key to further development is the exchange of knowledge and experience\u2014only through open dialogue can we effectively support patients in their treatment and recovery processes.<\/p>\n\n\n\n<p>We, as the Rakiety Oncological Foundation, are proud to be part of the Society for Integrative Oncology and contribute to this international community of experts, practitioners, and organizations working to provide holistic cancer care. Participating in the Boston conference was not only a source of knowledge for us but also a tremendous inspiration for further work in Poland \u2013 promoting education, awareness, and the development of integrative oncology in our country.<\/p>\n\n\n\n<figure class=\"wp-block-image size-large\"><img fetchpriority=\"high\" decoding=\"async\" width=\"1365\" height=\"1024\" src=\"https:\/\/fundacjarakiety.pl\/wp-content\/uploads\/2025\/11\/IMG-20251027-WA0100-1365x1024.jpg\" alt=\"\" class=\"wp-image-71648\" srcset=\"https:\/\/fundacjarakiety.pl\/wp-content\/uploads\/2025\/11\/IMG-20251027-WA0100-1365x1024.jpg 1365w, https:\/\/fundacjarakiety.pl\/wp-content\/uploads\/2025\/11\/IMG-20251027-WA0100-305x229.jpg 305w, https:\/\/fundacjarakiety.pl\/wp-content\/uploads\/2025\/11\/IMG-20251027-WA0100-768x576.jpg 768w, https:\/\/fundacjarakiety.pl\/wp-content\/uploads\/2025\/11\/IMG-20251027-WA0100-1536x1152.jpg 1536w, https:\/\/fundacjarakiety.pl\/wp-content\/uploads\/2025\/11\/IMG-20251027-WA0100-16x12.jpg 16w, https:\/\/fundacjarakiety.pl\/wp-content\/uploads\/2025\/11\/IMG-20251027-WA0100.jpg 1600w\" sizes=\"(max-width: 1365px) 100vw, 1365px\" \/><\/figure>\n\n\n\n<figure class=\"wp-block-image size-large\"><img decoding=\"async\" width=\"1365\" height=\"1024\" src=\"https:\/\/fundacjarakiety.pl\/wp-content\/uploads\/2025\/11\/IMG_8988-1365x1024.jpg\" alt=\"\" class=\"wp-image-71645\" srcset=\"https:\/\/fundacjarakiety.pl\/wp-content\/uploads\/2025\/11\/IMG_8988-1365x1024.jpg 1365w, https:\/\/fundacjarakiety.pl\/wp-content\/uploads\/2025\/11\/IMG_8988-305x229.jpg 305w, https:\/\/fundacjarakiety.pl\/wp-content\/uploads\/2025\/11\/IMG_8988-768x576.jpg 768w, https:\/\/fundacjarakiety.pl\/wp-content\/uploads\/2025\/11\/IMG_8988-1536x1152.jpg 1536w, https:\/\/fundacjarakiety.pl\/wp-content\/uploads\/2025\/11\/IMG_8988-2048x1536.jpg 2048w, https:\/\/fundacjarakiety.pl\/wp-content\/uploads\/2025\/11\/IMG_8988-16x12.jpg 16w\" sizes=\"(max-width: 1365px) 100vw, 1365px\" \/><\/figure>\n\n\n\n<figure class=\"wp-block-image size-large\"><img decoding=\"async\" width=\"1365\" height=\"1024\" src=\"https:\/\/fundacjarakiety.pl\/wp-content\/uploads\/2025\/11\/20251027_131526-1365x1024.jpg\" alt=\"\" class=\"wp-image-71649\" srcset=\"https:\/\/fundacjarakiety.pl\/wp-content\/uploads\/2025\/11\/20251027_131526-1365x1024.jpg 1365w, https:\/\/fundacjarakiety.pl\/wp-content\/uploads\/2025\/11\/20251027_131526-305x229.jpg 305w, https:\/\/fundacjarakiety.pl\/wp-content\/uploads\/2025\/11\/20251027_131526-768x576.jpg 768w, https:\/\/fundacjarakiety.pl\/wp-content\/uploads\/2025\/11\/20251027_131526-1536x1152.jpg 1536w, https:\/\/fundacjarakiety.pl\/wp-content\/uploads\/2025\/11\/20251027_131526-2048x1536.jpg 2048w, https:\/\/fundacjarakiety.pl\/wp-content\/uploads\/2025\/11\/20251027_131526-16x12.jpg 16w\" sizes=\"(max-width: 1365px) 100vw, 1365px\" \/><\/figure>\n\n\n\n<figure class=\"wp-block-image size-large\"><img loading=\"lazy\" decoding=\"async\" width=\"950\" height=\"1024\" src=\"https:\/\/fundacjarakiety.pl\/wp-content\/uploads\/2025\/11\/IMG-20251028-WA0035-950x1024.jpg\" alt=\"\" class=\"wp-image-71654\" srcset=\"https:\/\/fundacjarakiety.pl\/wp-content\/uploads\/2025\/11\/IMG-20251028-WA0035-950x1024.jpg 950w, https:\/\/fundacjarakiety.pl\/wp-content\/uploads\/2025\/11\/IMG-20251028-WA0035-283x305.jpg 283w, https:\/\/fundacjarakiety.pl\/wp-content\/uploads\/2025\/11\/IMG-20251028-WA0035-768x828.jpg 768w, https:\/\/fundacjarakiety.pl\/wp-content\/uploads\/2025\/11\/IMG-20251028-WA0035-11x12.jpg 11w, https:\/\/fundacjarakiety.pl\/wp-content\/uploads\/2025\/11\/IMG-20251028-WA0035.jpg 1200w\" sizes=\"(max-width: 950px) 100vw, 950px\" \/><\/figure>\n\n\n\n<figure class=\"wp-block-image size-large\"><img loading=\"lazy\" decoding=\"async\" width=\"894\" height=\"1024\" src=\"https:\/\/fundacjarakiety.pl\/wp-content\/uploads\/2025\/11\/IMG-20251027-WA0050-1-894x1024.jpg\" alt=\"\" class=\"wp-image-71660\" srcset=\"https:\/\/fundacjarakiety.pl\/wp-content\/uploads\/2025\/11\/IMG-20251027-WA0050-1-894x1024.jpg 894w, https:\/\/fundacjarakiety.pl\/wp-content\/uploads\/2025\/11\/IMG-20251027-WA0050-1-266x305.jpg 266w, https:\/\/fundacjarakiety.pl\/wp-content\/uploads\/2025\/11\/IMG-20251027-WA0050-1-768x879.jpg 768w, https:\/\/fundacjarakiety.pl\/wp-content\/uploads\/2025\/11\/IMG-20251027-WA0050-1-10x12.jpg 10w, https:\/\/fundacjarakiety.pl\/wp-content\/uploads\/2025\/11\/IMG-20251027-WA0050-1.jpg 1200w\" sizes=\"(max-width: 894px) 100vw, 894px\" \/><\/figure>\n\n\n\n<figure class=\"wp-block-image size-large\"><img loading=\"lazy\" decoding=\"async\" width=\"859\" height=\"1024\" src=\"https:\/\/fundacjarakiety.pl\/wp-content\/uploads\/2025\/11\/IMG-20251027-WA0051-1-859x1024.jpg\" alt=\"\" class=\"wp-image-71659\" srcset=\"https:\/\/fundacjarakiety.pl\/wp-content\/uploads\/2025\/11\/IMG-20251027-WA0051-1-859x1024.jpg 859w, https:\/\/fundacjarakiety.pl\/wp-content\/uploads\/2025\/11\/IMG-20251027-WA0051-1-256x305.jpg 256w, https:\/\/fundacjarakiety.pl\/wp-content\/uploads\/2025\/11\/IMG-20251027-WA0051-1-768x915.jpg 768w, https:\/\/fundacjarakiety.pl\/wp-content\/uploads\/2025\/11\/IMG-20251027-WA0051-1-10x12.jpg 10w, https:\/\/fundacjarakiety.pl\/wp-content\/uploads\/2025\/11\/IMG-20251027-WA0051-1.jpg 1200w\" sizes=\"(max-width: 859px) 100vw, 859px\" \/><\/figure>\n\n\n\n<p><\/p>","protected":false},"excerpt":{"rendered":"<p>Za nami niezwykle inspiruj\u0105ce dni sp\u0119dzone w Bostonie, gdzie w murach Harvard Medical School odby\u0142a si\u0119\u00a022. Mi\u0119dzynarodowa Konferencja Society for Integrative Oncology (SIO). To by\u0142 intensywny czas wype\u0142niony warsztatami, prezentacjami wynik\u00f3w bada\u0144 i publikacji naukowych, ale tak\u017ce rozmowami, spotkaniami i wymian\u0105 do\u015bwiadcze\u0144 z przedstawicielami \u015brodowisk medycznych z ca\u0142ego \u015bwiata.Tegoroczne wydarzenie, odbywaj\u0105ce si\u0119 pod has\u0142em\u00a0\u201ePrzysz\u0142o\u015b\u0107 onkologii [&hellip;]<\/p>\n","protected":false},"author":6,"featured_media":71652,"comment_status":"closed","ping_status":"open","sticky":false,"template":"","format":"standard","meta":{"page_title":"","first_name":"","last_name":"","name_variation":"","funds_collected":0,"funds_target":0,"currency":"","left_on_the_subaccount":0,"refunded_expenses":0,"collection_on":"","content_update":"","number_pln":"","number_usd":"","number_eur":"","number_gbp":"","swift":"","transfer_title":"","recipient_details":"","krs":"","tax_specific_target":"","fundraiser_iri":"","footnotes":""},"categories":[179],"tags":[],"class_list":["post-71644","post","type-post","status-publish","format-standard","has-post-thumbnail","hentry","category-aktualnosci"],"rttpg_featured_image_url":{"full":["https:\/\/fundacjarakiety.pl\/wp-content\/uploads\/2025\/11\/IMG_8988-1-scaled.jpg",2560,1920,false],"landscape":["https:\/\/fundacjarakiety.pl\/wp-content\/uploads\/2025\/11\/IMG_8988-1-scaled.jpg",2560,1920,false],"portraits":["https:\/\/fundacjarakiety.pl\/wp-content\/uploads\/2025\/11\/IMG_8988-1-scaled.jpg",2560,1920,false],"thumbnail":["https:\/\/fundacjarakiety.pl\/wp-content\/uploads\/2025\/11\/IMG_8988-1-600x600.jpg",600,600,true],"medium":["https:\/\/fundacjarakiety.pl\/wp-content\/uploads\/2025\/11\/IMG_8988-1-305x229.jpg",305,229,true],"large":["https:\/\/fundacjarakiety.pl\/wp-content\/uploads\/2025\/11\/IMG_8988-1-1365x1024.jpg",980,735,true],"1536x1536":["https:\/\/fundacjarakiety.pl\/wp-content\/uploads\/2025\/11\/IMG_8988-1-1536x1152.jpg",1536,1152,true],"2048x2048":["https:\/\/fundacjarakiety.pl\/wp-content\/uploads\/2025\/11\/IMG_8988-1-2048x1536.jpg",2048,1536,true],"trp-custom-language-flag":["https:\/\/fundacjarakiety.pl\/wp-content\/uploads\/2025\/11\/IMG_8988-1-16x12.jpg",16,12,true],"post-thumbnail":["https:\/\/fundacjarakiety.pl\/wp-content\/uploads\/2025\/11\/IMG_8988-1-1000x565.jpg",1000,565,true],"humani-recent-post":["https:\/\/fundacjarakiety.pl\/wp-content\/uploads\/2025\/11\/IMG_8988-1-200x160.jpg",200,160,true],"humani-post-grid":["https:\/\/fundacjarakiety.pl\/wp-content\/uploads\/2025\/11\/IMG_8988-1-820x580.jpg",820,580,true]},"rttpg_author":{"display_name":"Anna \u017buchniewicz","author_link":"https:\/\/fundacjarakiety.pl\/en\/author\/azuchniewicz\/"},"rttpg_comment":0,"rttpg_category":"<a href=\"https:\/\/fundacjarakiety.pl\/en\/category\/aktualnosci\/\" rel=\"category tag\">Aktualno\u015bci<\/a>","rttpg_excerpt":"Za nami niezwykle inspiruj\u0105ce dni sp\u0119dzone w Bostonie, gdzie w murach Harvard Medical School odby\u0142a si\u0119\u00a022. Mi\u0119dzynarodowa Konferencja Society for Integrative Oncology (SIO). To by\u0142 intensywny czas wype\u0142niony warsztatami, prezentacjami wynik\u00f3w bada\u0144 i publikacji naukowych, ale tak\u017ce rozmowami, spotkaniami i wymian\u0105 do\u015bwiadcze\u0144 z przedstawicielami \u015brodowisk medycznych z ca\u0142ego \u015bwiata.Tegoroczne wydarzenie, odbywaj\u0105ce si\u0119 pod has\u0142em\u00a0\u201ePrzysz\u0142o\u015b\u0107 onkologii&hellip;","_links":{"self":[{"href":"https:\/\/fundacjarakiety.pl\/en\/wp-json\/wp\/v2\/posts\/71644"}],"collection":[{"href":"https:\/\/fundacjarakiety.pl\/en\/wp-json\/wp\/v2\/posts"}],"about":[{"href":"https:\/\/fundacjarakiety.pl\/en\/wp-json\/wp\/v2\/types\/post"}],"author":[{"embeddable":true,"href":"https:\/\/fundacjarakiety.pl\/en\/wp-json\/wp\/v2\/users\/6"}],"replies":[{"embeddable":true,"href":"https:\/\/fundacjarakiety.pl\/en\/wp-json\/wp\/v2\/comments?post=71644"}],"version-history":[{"count":7,"href":"https:\/\/fundacjarakiety.pl\/en\/wp-json\/wp\/v2\/posts\/71644\/revisions"}],"predecessor-version":[{"id":71664,"href":"https:\/\/fundacjarakiety.pl\/en\/wp-json\/wp\/v2\/posts\/71644\/revisions\/71664"}],"wp:featuredmedia":[{"embeddable":true,"href":"https:\/\/fundacjarakiety.pl\/en\/wp-json\/wp\/v2\/media\/71652"}],"wp:attachment":[{"href":"https:\/\/fundacjarakiety.pl\/en\/wp-json\/wp\/v2\/media?parent=71644"}],"wp:term":[{"taxonomy":"category","embeddable":true,"href":"https:\/\/fundacjarakiety.pl\/en\/wp-json\/wp\/v2\/categories?post=71644"},{"taxonomy":"post_tag","embeddable":true,"href":"https:\/\/fundacjarakiety.pl\/en\/wp-json\/wp\/v2\/tags?post=71644"}],"curies":[{"name":"wp","href":"https:\/\/api.w.org\/{rel}","templated":true}]}}